{"id":8116,"date":"2023-05-03T10:43:45","date_gmt":"2023-05-03T13:43:45","guid":{"rendered":"https:\/\/radionewsmisiones.ar\/site\/?p=8116"},"modified":"2023-05-03T10:44:08","modified_gmt":"2023-05-03T13:44:08","slug":"habilitaron-un-semaforo-en-la-esquina-de-las-avenidas-alem-y-115","status":"publish","type":"post","link":"https:\/\/radionewsmisiones.ar\/site\/provinciales\/habilitaron-un-semaforo-en-la-esquina-de-las-avenidas-alem-y-115\/","title":{"rendered":"Habilitaron un sem\u00e1foro en la esquina de las avenidas Alem y 115"},"content":{"rendered":"\n<p>La Municipalidad de Posadas instal\u00f3 un sem\u00e1foro en la intersecci\u00f3n de las avenidas Alem y 115, en el marco de las acciones de seguridad vial que lleva a cabo el municipio.<\/p>\n\n\n\n<figure class=\"wp-block-image size-large\"><img loading=\"lazy\" width=\"1024\" height=\"768\" src=\"https:\/\/radionewsmisiones.ar\/site\/wp-content\/uploads\/2023\/05\/WhatsApp-Image-2023-05-03-at-10.42.16-1024x768.jpeg\" alt=\"\" class=\"wp-image-8117\" srcset=\"https:\/\/radionewsmisiones.ar\/site\/wp-content\/uploads\/2023\/05\/WhatsApp-Image-2023-05-03-at-10.42.16-1024x768.jpeg 1024w, https:\/\/radionewsmisiones.ar\/site\/wp-content\/uploads\/2023\/05\/WhatsApp-Image-2023-05-03-at-10.42.16-300x225.jpeg 300w, https:\/\/radionewsmisiones.ar\/site\/wp-content\/uploads\/2023\/05\/WhatsApp-Image-2023-05-03-at-10.42.16-768x576.jpeg 768w, https:\/\/radionewsmisiones.ar\/site\/wp-content\/uploads\/2023\/05\/WhatsApp-Image-2023-05-03-at-10.42.16-1536x1152.jpeg 1536w, https:\/\/radionewsmisiones.ar\/site\/wp-content\/uploads\/2023\/05\/WhatsApp-Image-2023-05-03-at-10.42.16.jpeg 1600w\" sizes=\"(max-width: 1024px) 100vw, 1024px\" \/><\/figure>\n\n\n\n<p>La colocaci\u00f3n de esta infraestructura urbana es la continuidad de las obras de asfalto realizadas sobre la avenida Alem, cuyo prop\u00f3sito es conectar las chacras y barrios situados en el lado Oeste con el centro de la ciudad.<\/p>\n\n\n\n<p>En este sentido, luego de la generaci\u00f3n de la se\u00f1al\u00e9tica vertical y horizontal que indican los lugares apropiados para el estacionamiento, el cruce peatonal, los sentidos de circulaci\u00f3n, se completaron las medidas de prevenci\u00f3n para evitar siniestros viales.<\/p>\n\n\n\n<p>Este equipamiento vial cuenta con una secuencia de cuatro tiempos y utiliza tecnolog\u00eda LED en sus \u00f3pticas, asegurando una visibilidad apropiada a\u00fan en d\u00edas de neblinas o fuertes tormentas. Asimismo, se coloc\u00f3 un repetidor logrando una visi\u00f3n para los veh\u00edculos de bajo porte.<\/p>\n","protected":false},"excerpt":{"rendered":"<p>La Municipalidad de Posadas instal&oacute; un sem&aacute;foro en la intersecci&oacute;n de las avenidas Alem y 115, en el marco de las acciones de seguridad vial que lleva a cabo el&hellip; <\/p>\n","protected":false},"author":3,"featured_media":8118,"comment_status":"closed","ping_status":"open","sticky":false,"template":"","format":"standard","meta":{"_monsterinsights_skip_tracking":false,"_monsterinsights_sitenote_active":false,"_monsterinsights_sitenote_note":"","_monsterinsights_sitenote_category":0},"categories":[3],"tags":[22],"aioseo_notices":[],"_links":{"self":[{"href":"https:\/\/radionewsmisiones.ar\/site\/wp-json\/wp\/v2\/posts\/8116"}],"collection":[{"href":"https:\/\/radionewsmisiones.ar\/site\/wp-json\/wp\/v2\/posts"}],"about":[{"href":"https:\/\/radionewsmisiones.ar\/site\/wp-json\/wp\/v2\/types\/post"}],"author":[{"embeddable":true,"href":"https:\/\/radionewsmisiones.ar\/site\/wp-json\/wp\/v2\/users\/3"}],"replies":[{"embeddable":true,"href":"https:\/\/radionewsmisiones.ar\/site\/wp-json\/wp\/v2\/comments?post=8116"}],"version-history":[{"count":1,"href":"https:\/\/radionewsmisiones.ar\/site\/wp-json\/wp\/v2\/posts\/8116\/revisions"}],"predecessor-version":[{"id":8119,"href":"https:\/\/radionewsmisiones.ar\/site\/wp-json\/wp\/v2\/posts\/8116\/revisions\/8119"}],"wp:featuredmedia":[{"embeddable":true,"href":"https:\/\/radionewsmisiones.ar\/site\/wp-json\/wp\/v2\/media\/8118"}],"wp:attachment":[{"href":"https:\/\/radionewsmisiones.ar\/site\/wp-json\/wp\/v2\/media?parent=8116"}],"wp:term":[{"taxonomy":"category","embeddable":true,"href":"https:\/\/radionewsmisiones.ar\/site\/wp-json\/wp\/v2\/categories?post=8116"},{"taxonomy":"post_tag","embeddable":true,"href":"https:\/\/radionewsmisiones.ar\/site\/wp-json\/wp\/v2\/tags?post=8116"}],"curies":[{"name":"wp","href":"https:\/\/api.w.org\/{rel}","templated":true}]}}