{"id":8120,"date":"2023-05-03T10:45:44","date_gmt":"2023-05-03T13:45:44","guid":{"rendered":"https:\/\/radionewsmisiones.ar\/site\/?p=8120"},"modified":"2023-05-03T10:46:06","modified_gmt":"2023-05-03T13:46:06","slug":"brindan-charlas-sobre-motivacion-y-desempeno-academico-en-instituciones-educativas","status":"publish","type":"post","link":"https:\/\/radionewsmisiones.ar\/site\/provinciales\/brindan-charlas-sobre-motivacion-y-desempeno-academico-en-instituciones-educativas\/","title":{"rendered":"Brindan charlas sobre \u00abMotivaci\u00f3n y Desempe\u00f1o Acad\u00e9mico\u00bb en instituciones educativas"},"content":{"rendered":"\n<p>El Municipio mediante la Agencia Universitaria llev\u00f3 a cabo un encuentro destinado a alumnos de 5to a\u00f1o del Instituto Superior Combate Mboror\u00e9 para charlar sobre temas relacionados con la Motivaci\u00f3n y Desempe\u00f1o Acad\u00e9mico.<\/p>\n\n\n\n<figure class=\"wp-block-image size-large\"><img loading=\"lazy\" width=\"1024\" height=\"768\" src=\"https:\/\/radionewsmisiones.ar\/site\/wp-content\/uploads\/2023\/05\/WhatsApp-Image-2023-05-03-at-09.58.22-1024x768.jpeg\" alt=\"\" class=\"wp-image-8121\" srcset=\"https:\/\/radionewsmisiones.ar\/site\/wp-content\/uploads\/2023\/05\/WhatsApp-Image-2023-05-03-at-09.58.22-1024x768.jpeg 1024w, https:\/\/radionewsmisiones.ar\/site\/wp-content\/uploads\/2023\/05\/WhatsApp-Image-2023-05-03-at-09.58.22-300x225.jpeg 300w, https:\/\/radionewsmisiones.ar\/site\/wp-content\/uploads\/2023\/05\/WhatsApp-Image-2023-05-03-at-09.58.22-768x576.jpeg 768w, https:\/\/radionewsmisiones.ar\/site\/wp-content\/uploads\/2023\/05\/WhatsApp-Image-2023-05-03-at-09.58.22.jpeg 1280w\" sizes=\"(max-width: 1024px) 100vw, 1024px\" \/><\/figure>\n\n\n\n<p>El objetivo es preparar a los estudiantes y brindarles herramientas para un mejor desempe\u00f1o. Asimismo, se destac\u00f3 la importancia de la motivaci\u00f3n orientada a un mejor rendimiento escolar, con el prop\u00f3sito de analizar distintos factores y fomentar el inter\u00e9s en el aprendizaje.<\/p>\n\n\n\n<p>Los estudiantes brindaron distintas opiniones y propuestas sobre el tema, generando espacios para el debate sobre sus experiencias, surgieron numerosas ideas y propuestas innovadoras para abordar los ejes en cuesti\u00f3n, se intercambiaron perspectivas y se destac\u00f3 la importancia de una educaci\u00f3n m\u00e1s inclusiva. Al proporcionar a los alumnos los recursos necesarios para alcanzar sus metas, las instituciones educativas pueden ayudar a fomentar el \u00e9xito acad\u00e9mico y personal a largo plazo.<\/p>\n\n\n\n<p>Los establecimientos interesados en estas capacitaciones deben comunicarse al 3764-4666146 o en el Instagram @agenciauni.posadas.<\/p>\n","protected":false},"excerpt":{"rendered":"<p>El Municipio mediante la Agencia Universitaria llev&oacute; a cabo un encuentro destinado a alumnos de 5to a&ntilde;o del Instituto Superior Combate Mboror&eacute; para charlar sobre temas relacionados con la Motivaci&oacute;n&hellip; <\/p>\n","protected":false},"author":3,"featured_media":8122,"comment_status":"closed","ping_status":"open","sticky":false,"template":"","format":"standard","meta":{"_monsterinsights_skip_tracking":false,"_monsterinsights_sitenote_active":false,"_monsterinsights_sitenote_note":"","_monsterinsights_sitenote_category":0},"categories":[3],"tags":[22],"aioseo_notices":[],"_links":{"self":[{"href":"https:\/\/radionewsmisiones.ar\/site\/wp-json\/wp\/v2\/posts\/8120"}],"collection":[{"href":"https:\/\/radionewsmisiones.ar\/site\/wp-json\/wp\/v2\/posts"}],"about":[{"href":"https:\/\/radionewsmisiones.ar\/site\/wp-json\/wp\/v2\/types\/post"}],"author":[{"embeddable":true,"href":"https:\/\/radionewsmisiones.ar\/site\/wp-json\/wp\/v2\/users\/3"}],"replies":[{"embeddable":true,"href":"https:\/\/radionewsmisiones.ar\/site\/wp-json\/wp\/v2\/comments?post=8120"}],"version-history":[{"count":1,"href":"https:\/\/radionewsmisiones.ar\/site\/wp-json\/wp\/v2\/posts\/8120\/revisions"}],"predecessor-version":[{"id":8123,"href":"https:\/\/radionewsmisiones.ar\/site\/wp-json\/wp\/v2\/posts\/8120\/revisions\/8123"}],"wp:featuredmedia":[{"embeddable":true,"href":"https:\/\/radionewsmisiones.ar\/site\/wp-json\/wp\/v2\/media\/8122"}],"wp:attachment":[{"href":"https:\/\/radionewsmisiones.ar\/site\/wp-json\/wp\/v2\/media?parent=8120"}],"wp:term":[{"taxonomy":"category","embeddable":true,"href":"https:\/\/radionewsmisiones.ar\/site\/wp-json\/wp\/v2\/categories?post=8120"},{"taxonomy":"post_tag","embeddable":true,"href":"https:\/\/radionewsmisiones.ar\/site\/wp-json\/wp\/v2\/tags?post=8120"}],"curies":[{"name":"wp","href":"https:\/\/api.w.org\/{rel}","templated":true}]}}