{"id":8229,"date":"2023-05-08T10:26:11","date_gmt":"2023-05-08T13:26:11","guid":{"rendered":"https:\/\/radionewsmisiones.ar\/site\/?p=8229"},"modified":"2023-05-08T10:26:15","modified_gmt":"2023-05-08T13:26:15","slug":"luego-de-los-comicios-comenzo-el-retiro-de-carteles-en-la-ciudad","status":"publish","type":"post","link":"https:\/\/radionewsmisiones.ar\/site\/provinciales\/luego-de-los-comicios-comenzo-el-retiro-de-carteles-en-la-ciudad\/","title":{"rendered":"Luego de los comicios, comenz\u00f3 el retiro de carteles en la ciudad"},"content":{"rendered":"\n<p>La Municipalidad de Posadas ha iniciado las tareas de limpieza de la carteler\u00eda electoral pertenecientes a las diversas listas que participaron en las elecciones del domingo 7 de mayo. Con el objetivo de resguardar la est\u00e9tica visual de la ciudad en general, desde tempranas horas del lunes se han dispuesto varios equipos de trabajo que realizar\u00e1n el retiro de los elementos gr\u00e1ficos.<\/p>\n\n\n\n<figure class=\"wp-block-image size-large\"><img loading=\"lazy\" width=\"768\" height=\"1024\" src=\"https:\/\/radionewsmisiones.ar\/site\/wp-content\/uploads\/2023\/05\/WhatsApp-Image-2023-05-08-at-10.24.48-768x1024.jpeg\" alt=\"\" class=\"wp-image-8230\" srcset=\"https:\/\/radionewsmisiones.ar\/site\/wp-content\/uploads\/2023\/05\/WhatsApp-Image-2023-05-08-at-10.24.48-768x1024.jpeg 768w, https:\/\/radionewsmisiones.ar\/site\/wp-content\/uploads\/2023\/05\/WhatsApp-Image-2023-05-08-at-10.24.48-225x300.jpeg 225w, https:\/\/radionewsmisiones.ar\/site\/wp-content\/uploads\/2023\/05\/WhatsApp-Image-2023-05-08-at-10.24.48-1152x1536.jpeg 1152w, https:\/\/radionewsmisiones.ar\/site\/wp-content\/uploads\/2023\/05\/WhatsApp-Image-2023-05-08-at-10.24.48.jpeg 1200w\" sizes=\"(max-width: 768px) 100vw, 768px\" \/><\/figure>\n\n\n\n<p>Con varios d\u00edas de antelaci\u00f3n a los comicios, el municipio invit\u00f3 a los lemas y sublemas a levantar su propia carteler\u00eda para aprovecharla de la mejor manera posible. Del mismo modo, aquellos que deseen recuperar sus elementos publicitarios pueden dirigirse a los tres sectores municipales donde se han acumulado.<\/p>\n\n\n\n<p>Los elementos de carteler\u00eda ser\u00e1n enviados al Centro Verde Municipal, as\u00ed como a los Puntos Limpios situados en la intersecci\u00f3n de las avenidas Urquiza y San Mart\u00edn y Juan Jos\u00e9 Paso y Pueyrred\u00f3n.<\/p>\n","protected":false},"excerpt":{"rendered":"<p>La Municipalidad de Posadas ha iniciado las tareas de limpieza de la carteler&iacute;a electoral pertenecientes a las diversas listas que participaron en las elecciones del domingo 7 de mayo. Con&hellip; <\/p>\n","protected":false},"author":3,"featured_media":8231,"comment_status":"closed","ping_status":"open","sticky":false,"template":"","format":"standard","meta":{"_monsterinsights_skip_tracking":false,"_monsterinsights_sitenote_active":false,"_monsterinsights_sitenote_note":"","_monsterinsights_sitenote_category":0},"categories":[3],"tags":[22],"aioseo_notices":[],"_links":{"self":[{"href":"https:\/\/radionewsmisiones.ar\/site\/wp-json\/wp\/v2\/posts\/8229"}],"collection":[{"href":"https:\/\/radionewsmisiones.ar\/site\/wp-json\/wp\/v2\/posts"}],"about":[{"href":"https:\/\/radionewsmisiones.ar\/site\/wp-json\/wp\/v2\/types\/post"}],"author":[{"embeddable":true,"href":"https:\/\/radionewsmisiones.ar\/site\/wp-json\/wp\/v2\/users\/3"}],"replies":[{"embeddable":true,"href":"https:\/\/radionewsmisiones.ar\/site\/wp-json\/wp\/v2\/comments?post=8229"}],"version-history":[{"count":1,"href":"https:\/\/radionewsmisiones.ar\/site\/wp-json\/wp\/v2\/posts\/8229\/revisions"}],"predecessor-version":[{"id":8232,"href":"https:\/\/radionewsmisiones.ar\/site\/wp-json\/wp\/v2\/posts\/8229\/revisions\/8232"}],"wp:featuredmedia":[{"embeddable":true,"href":"https:\/\/radionewsmisiones.ar\/site\/wp-json\/wp\/v2\/media\/8231"}],"wp:attachment":[{"href":"https:\/\/radionewsmisiones.ar\/site\/wp-json\/wp\/v2\/media?parent=8229"}],"wp:term":[{"taxonomy":"category","embeddable":true,"href":"https:\/\/radionewsmisiones.ar\/site\/wp-json\/wp\/v2\/categories?post=8229"},{"taxonomy":"post_tag","embeddable":true,"href":"https:\/\/radionewsmisiones.ar\/site\/wp-json\/wp\/v2\/tags?post=8229"}],"curies":[{"name":"wp","href":"https:\/\/api.w.org\/{rel}","templated":true}]}}