{"id":8394,"date":"2023-05-15T07:59:23","date_gmt":"2023-05-15T10:59:23","guid":{"rendered":"https:\/\/radionewsmisiones.ar\/site\/?p=8394"},"modified":"2023-05-15T07:59:27","modified_gmt":"2023-05-15T10:59:27","slug":"junto-al-gobernador-herrera-ahuad-sergio-massa-ratifico-la-implementacion-de-la-zona-aduanera-especial","status":"publish","type":"post","link":"https:\/\/radionewsmisiones.ar\/site\/provinciales\/junto-al-gobernador-herrera-ahuad-sergio-massa-ratifico-la-implementacion-de-la-zona-aduanera-especial\/","title":{"rendered":"Junto al gobernador Herrera Ahuad, Sergio Massa ratific\u00f3 la implementaci\u00f3n de la zona aduanera especial"},"content":{"rendered":"\n<p>El viernes pasado, junto a Ricardo Wellbach Ministro Coordinador de Gabinete de Misiones, acompa\u00f1amos al gobernador Oscar Herrera Ahuad durante una reuni\u00f3n que mantuvo con Sergio Massa, ministro de Econom\u00eda de la Naci\u00f3n. Durante este encuentro, el Ministro anticip\u00f3 que pr\u00f3ximamente viajar\u00e1 a Misiones para anunciar la implementaci\u00f3n de la Zona Aduanera Especial en todo el territorio provincial.<\/p>\n\n\n\n<figure class=\"wp-block-image size-large\"><img loading=\"lazy\" width=\"1024\" height=\"682\" src=\"https:\/\/radionewsmisiones.ar\/site\/wp-content\/uploads\/2023\/05\/346476165_938508247370359_2051294905525647915_n-1024x682.jpg\" alt=\"\" class=\"wp-image-8395\" srcset=\"https:\/\/radionewsmisiones.ar\/site\/wp-content\/uploads\/2023\/05\/346476165_938508247370359_2051294905525647915_n-1024x682.jpg 1024w, https:\/\/radionewsmisiones.ar\/site\/wp-content\/uploads\/2023\/05\/346476165_938508247370359_2051294905525647915_n-300x200.jpg 300w, https:\/\/radionewsmisiones.ar\/site\/wp-content\/uploads\/2023\/05\/346476165_938508247370359_2051294905525647915_n-768x512.jpg 768w, https:\/\/radionewsmisiones.ar\/site\/wp-content\/uploads\/2023\/05\/346476165_938508247370359_2051294905525647915_n-1536x1023.jpg 1536w, https:\/\/radionewsmisiones.ar\/site\/wp-content\/uploads\/2023\/05\/346476165_938508247370359_2051294905525647915_n.jpg 1600w\" sizes=\"(max-width: 1024px) 100vw, 1024px\" \/><\/figure>\n\n\n\n<p>La aplicaci\u00f3n de este sistema de incentivos fiscales, de acuerdo al esquema propuesto inicialmente, se realizar\u00e1 para toda la Provincia y por etapas, alcanzando en una primera fase a determinados sectores econ\u00f3micos. Una parte de este acuerdo contempla la pr\u00f3rroga por tiempo indefinido del Programa de Incremento Exportador, lo que permitir\u00e1 extender el acceso a un d\u00f3lar exportador diferencial para la producci\u00f3n misionera de yerba mate, t\u00e9, tabaco y madera, entre otros. Por otra parte, el r\u00e9gimen de la Zona Aduanera Especial tambi\u00e9n buscar\u00e1 reducir las asimetr\u00edas existentes con respecto al precio del gas envasado a trav\u00e9s de una quita de impuestos para compensar y equilibrar su valor con respecto al resto del pa\u00eds, teniendo en cuenta adem\u00e1s que Misiones no cuenta con acceso a la Red de Gas Natural.<\/p>\n\n\n\n<p>Otro de los compromisos asumidos por el Ministro de Econom\u00eda de Naci\u00f3n durante este encuentro est\u00e1 vinculado a la necesidad de agilizar las transferencias pendientes a empresas de transporte misioneras que operan con el Fondo Compensador Nacional de Transporte, un tema que dichas compa\u00f1\u00edas vienen reclamando desde hace varios meses, con vencimientos atrasados desde enero de este a\u00f1o.<\/p>\n\n\n\n<p>Por otra parte, tambi\u00e9n se confirm\u00f3 la llegada de un scanner aduanero para el Puerto de Posadas, una herramienta fundamental que ser\u00e1 entregada en los pr\u00f3ximos meses y permitir\u00e1 mejorar el funcionamiento y la velocidad de las operaciones en esa terminal.<\/p>\n\n\n\n<p>Uno de los temas centrales que tambi\u00e9n se abordaron es el reclamo de Misiones por el pago de los fondos que ANSES adeuda al IPS por el financiamiento del d\u00e9ficit de las cajas previsionales que no pasaron a la \u00f3rbita nacional. En este punto, Massa se comprometi\u00f3 a acelerar tanto la transferencia de los fondos adeudados como a revisar la actualizaci\u00f3n de los mismos en raz\u00f3n de los art\u00edculos 92 y 93 de la Ley de Presupuesto.<\/p>\n\n\n\n<p>Con respecto a las deudas que Naci\u00f3n mantiene con Misiones y Misiones con Naci\u00f3n, logramos avanzar con mucho \u00e9xito en un plan de compensaci\u00f3n rec\u00edproco que reconozca tanto los pagos que actualmente Misiones est\u00e1 haciendo al Fondo Fiduciario por ayudas que recibi\u00f3 a lo largo de la pandemia de 2020 como las deudas que Naci\u00f3n mantiene con la Provincia por 4.100 millones de pesos en concepto de acreencias correspondientes al Consenso Fiscal, un monto mucho mayor al adeudado por Misiones.<\/p>\n\n\n\n<p>Al respecto, se acord\u00f3 refinanciar los vencimientos que tiene la Provincia con el Fondo Fiduciario Provincial por los adelantos realizados durante 2020, que en virtud de la ca\u00edda de la coparticipaci\u00f3n ya fueron compensados; y tambi\u00e9n acelerar la cancelaci\u00f3n de los saldos pendientes a favor de Misiones por el Consenso Fiscal correspondiente a los a\u00f1os 2021 y 2022 (alrededor de 5.800 millones de pesos).<\/p>\n\n\n\n<p>Con respecto a las deudas energ\u00e9ticas que la Naci\u00f3n mantienen con Misiones por las regal\u00edas de las represas de Yacyret\u00e1 y Salto Grande, pudimos avanzar en la implementaci\u00f3n de un plan de compensaci\u00f3n rec\u00edproca de deudas entre dichas acreencias de Misiones y los saldos que Energ\u00eda De Misiones mantienen con la distribuidora de energ\u00eda CAMMESA.<\/p>\n","protected":false},"excerpt":{"rendered":"<p>El viernes pasado, junto a Ricardo Wellbach Ministro Coordinador de Gabinete de Misiones, acompa&ntilde;amos al gobernador Oscar Herrera Ahuad durante una reuni&oacute;n que mantuvo con Sergio Massa, ministro de Econom&iacute;a&hellip; <\/p>\n","protected":false},"author":3,"featured_media":8396,"comment_status":"closed","ping_status":"open","sticky":false,"template":"","format":"standard","meta":{"_monsterinsights_skip_tracking":false,"_monsterinsights_sitenote_active":false,"_monsterinsights_sitenote_note":"","_monsterinsights_sitenote_category":0},"categories":[3],"tags":[],"aioseo_notices":[],"_links":{"self":[{"href":"https:\/\/radionewsmisiones.ar\/site\/wp-json\/wp\/v2\/posts\/8394"}],"collection":[{"href":"https:\/\/radionewsmisiones.ar\/site\/wp-json\/wp\/v2\/posts"}],"about":[{"href":"https:\/\/radionewsmisiones.ar\/site\/wp-json\/wp\/v2\/types\/post"}],"author":[{"embeddable":true,"href":"https:\/\/radionewsmisiones.ar\/site\/wp-json\/wp\/v2\/users\/3"}],"replies":[{"embeddable":true,"href":"https:\/\/radionewsmisiones.ar\/site\/wp-json\/wp\/v2\/comments?post=8394"}],"version-history":[{"count":1,"href":"https:\/\/radionewsmisiones.ar\/site\/wp-json\/wp\/v2\/posts\/8394\/revisions"}],"predecessor-version":[{"id":8397,"href":"https:\/\/radionewsmisiones.ar\/site\/wp-json\/wp\/v2\/posts\/8394\/revisions\/8397"}],"wp:featuredmedia":[{"embeddable":true,"href":"https:\/\/radionewsmisiones.ar\/site\/wp-json\/wp\/v2\/media\/8396"}],"wp:attachment":[{"href":"https:\/\/radionewsmisiones.ar\/site\/wp-json\/wp\/v2\/media?parent=8394"}],"wp:term":[{"taxonomy":"category","embeddable":true,"href":"https:\/\/radionewsmisiones.ar\/site\/wp-json\/wp\/v2\/categories?post=8394"},{"taxonomy":"post_tag","embeddable":true,"href":"https:\/\/radionewsmisiones.ar\/site\/wp-json\/wp\/v2\/tags?post=8394"}],"curies":[{"name":"wp","href":"https:\/\/api.w.org\/{rel}","templated":true}]}}