{"id":8431,"date":"2023-05-16T08:36:28","date_gmt":"2023-05-16T11:36:28","guid":{"rendered":"https:\/\/radionewsmisiones.ar\/site\/?p=8431"},"modified":"2023-05-16T08:36:59","modified_gmt":"2023-05-16T11:36:59","slug":"nueva-conformacion-del-consejo-de-la-magistratura","status":"publish","type":"post","link":"https:\/\/radionewsmisiones.ar\/site\/provinciales\/nueva-conformacion-del-consejo-de-la-magistratura\/","title":{"rendered":"Nueva conformaci\u00f3n del Consejo de la Magistratura"},"content":{"rendered":"\n<p>Este lunes 15 de mayo se realiz\u00f3 la ceremonia de toma de juramento de recambio parcial de representantes del organismo, encargado de seleccionar los candidatos a cubrir cargos de Jueces Inferiores y Funcionarios del Ministerio P\u00fablico y remitir la terna vinculante al Poder Ejecutivo.<\/p>\n\n\n\n<figure class=\"wp-block-image size-large\"><img loading=\"lazy\" width=\"1024\" height=\"575\" src=\"https:\/\/radionewsmisiones.ar\/site\/wp-content\/uploads\/2023\/05\/WhatsApp-Image-2023-05-16-at-08.33.11-1024x575.jpeg\" alt=\"\" class=\"wp-image-8432\" srcset=\"https:\/\/radionewsmisiones.ar\/site\/wp-content\/uploads\/2023\/05\/WhatsApp-Image-2023-05-16-at-08.33.11-1024x575.jpeg 1024w, https:\/\/radionewsmisiones.ar\/site\/wp-content\/uploads\/2023\/05\/WhatsApp-Image-2023-05-16-at-08.33.11-300x169.jpeg 300w, https:\/\/radionewsmisiones.ar\/site\/wp-content\/uploads\/2023\/05\/WhatsApp-Image-2023-05-16-at-08.33.11-768x432.jpeg 768w, https:\/\/radionewsmisiones.ar\/site\/wp-content\/uploads\/2023\/05\/WhatsApp-Image-2023-05-16-at-08.33.11-1536x863.jpeg 1536w, https:\/\/radionewsmisiones.ar\/site\/wp-content\/uploads\/2023\/05\/WhatsApp-Image-2023-05-16-at-08.33.11.jpeg 1600w\" sizes=\"(max-width: 1024px) 100vw, 1024px\" \/><\/figure>\n\n\n\n<p>A las 11hs, en el Sal\u00f3n auditorio \u201cTierra Sin Mal\u201d del Ministerio de Cambio Clim\u00e1tico, se llev\u00f3 a cabo el acto de juramento y toma de posesi\u00f3n de los nuevos consejeros de la decimo segunda comisi\u00f3n del Consejo de la Magistratura, en representaci\u00f3n del Poder Ejecutivo, Judicial, de la C\u00e1mara de Diputados y del Colegio de Abogados de la provincia de Misiones.<\/p>\n\n\n\n<p>Las autoridades puestas en funci\u00f3n para el per\u00edodo 2023-2025 son:<br>Por el Superior Tribunal de Justicia su presidente Rosanna P\u00eda Venchiarutti Sartori, como titular y el ministro Marcelo Ben\u00edtez, como consejero suplente.<br>Claudia Noem\u00ed Gauto como consejera titular en representaci\u00f3n del Poder Ejecutivo de la Provincia.<\/p>\n\n\n\n<p>En tanto, por la C\u00e1mara de Representantes tom\u00f3 juramento como titular Lilia Noem\u00ed Torres.<\/p>\n\n\n\n<p>Y para finalizar, por el Colegio de Abogados de Misiones asumieron Hugo Daniel Zapana y Luis Alfredo Medina como consejeros titulares, y Graciela Gladys Palermo de Rebak y B\u00e1rbara Samantha como consejeras suplentes, respectivamente.<\/p>\n\n\n\n<p>La m\u00e1xima autoridad del Poder Judicial, Rosanna P\u00eda Venchiarutti Sartori, previo a la puesta en funciones de los nuevos consejeros, despidi\u00f3 a los salientes que estuvieron presentes en la ceremonia. Adem\u00e1s destac\u00f3, como siempre, la funci\u00f3n del Consejo Misionero, que se distingue entre los mejores del pa\u00eds por su respuesta r\u00e1pida y efectiva en beneficio del pueblo de Misiones y del colegio de abogados trabajando en forma gratuita, r\u00e1pida y a conciencia, seleccionando el capital humano m\u00e1s capacitado y con una fuerte impronta en el manejo y conocimiento de los derechos humanos.<\/p>\n\n\n\n<p>En cuanto a la representatividad del Poder Judicial, Venchiarutti destac\u00f3 que gracias al Consejo de la Magistratura \u00absomos una democracia indirecta ya que hay que someterse a un examen t\u00e9cnico muy duro, a una entrevista personal, saber qu\u00e9 se busca y despu\u00e9s mandar una terna. El Gobernador, entre esos tres nombres, elige uno, y luego la legislatura vuelve a tomar una nueva evaluaci\u00f3n a aquel que est\u00e1 propuesto en una audiencia p\u00fablica. Y ese nombre es sometido a votaci\u00f3n en la legislatura. &nbsp;O sea, los representantes del pueblo indirectamente nos est\u00e1n eligiendo. No somos electos por el voto popular, pero esto es una verdadera democracia indirecta. De all\u00ed viene el honor de pertenecer a este \u00f3rgano de la Constituci\u00f3n.\u00bb<\/p>\n\n\n\n<p>\u00abEste Consejo ha trabajado much\u00edsimo como instituci\u00f3n, inclusive en \u00e9pocas de pandemia, que fuimos el primer Consejo que tom\u00f3 ex\u00e1menes a pesar de los tiempos que corr\u00edan. Fuimos a la virtualidad, lo hicimos online, pero no nos detuvimos. Hemos llegado a sacar casi 30 cargos en un s\u00f3lo mes. Es un orgullo poder decir que hemos cubierto cargos en semejante \u00e9poca y lo hemos hecho con mucha altura\u00bb, concluy\u00f3 la Presidente.<\/p>\n\n\n\n<p>La ceremonia estuvo a cargo del secretario Leonardo Diego Villafa\u00f1e quien ley\u00f3 las actas constitutivas para la integraci\u00f3n del Consejo de la Magistratura, y cont\u00f3 con la presencia del ministro del Superior Tribunal de Justicia, Cristian Marcelo Ben\u00edtez, magistrados y funcionarios del Poder Judicial, miembros del Consejo de la Magistratura, representantes del Ejecutivo y Legislativo provincial y autoridades del Colegio de Abogados de Misiones, entre otros invitados especiales.<\/p>\n","protected":false},"excerpt":{"rendered":"<p>Este lunes 15 de mayo se realiz&oacute; la ceremonia de toma de juramento de recambio parcial de representantes del organismo, encargado de seleccionar los candidatos a cubrir cargos de Jueces&hellip; <\/p>\n","protected":false},"author":3,"featured_media":8434,"comment_status":"closed","ping_status":"open","sticky":false,"template":"","format":"standard","meta":{"_monsterinsights_skip_tracking":false,"_monsterinsights_sitenote_active":false,"_monsterinsights_sitenote_note":"","_monsterinsights_sitenote_category":0},"categories":[3],"tags":[29],"aioseo_notices":[],"_links":{"self":[{"href":"https:\/\/radionewsmisiones.ar\/site\/wp-json\/wp\/v2\/posts\/8431"}],"collection":[{"href":"https:\/\/radionewsmisiones.ar\/site\/wp-json\/wp\/v2\/posts"}],"about":[{"href":"https:\/\/radionewsmisiones.ar\/site\/wp-json\/wp\/v2\/types\/post"}],"author":[{"embeddable":true,"href":"https:\/\/radionewsmisiones.ar\/site\/wp-json\/wp\/v2\/users\/3"}],"replies":[{"embeddable":true,"href":"https:\/\/radionewsmisiones.ar\/site\/wp-json\/wp\/v2\/comments?post=8431"}],"version-history":[{"count":1,"href":"https:\/\/radionewsmisiones.ar\/site\/wp-json\/wp\/v2\/posts\/8431\/revisions"}],"predecessor-version":[{"id":8435,"href":"https:\/\/radionewsmisiones.ar\/site\/wp-json\/wp\/v2\/posts\/8431\/revisions\/8435"}],"wp:featuredmedia":[{"embeddable":true,"href":"https:\/\/radionewsmisiones.ar\/site\/wp-json\/wp\/v2\/media\/8434"}],"wp:attachment":[{"href":"https:\/\/radionewsmisiones.ar\/site\/wp-json\/wp\/v2\/media?parent=8431"}],"wp:term":[{"taxonomy":"category","embeddable":true,"href":"https:\/\/radionewsmisiones.ar\/site\/wp-json\/wp\/v2\/categories?post=8431"},{"taxonomy":"post_tag","embeddable":true,"href":"https:\/\/radionewsmisiones.ar\/site\/wp-json\/wp\/v2\/tags?post=8431"}],"curies":[{"name":"wp","href":"https:\/\/api.w.org\/{rel}","templated":true}]}}