{"id":854,"date":"2022-08-16T18:51:25","date_gmt":"2022-08-16T21:51:25","guid":{"rendered":"https:\/\/radionewsmisiones.ar\/site\/?p=854"},"modified":"2022-08-16T18:51:29","modified_gmt":"2022-08-16T21:51:29","slug":"hoy-comienza-promo-2022-virtual-rumbo-a-la-educacion-superior","status":"publish","type":"post","link":"https:\/\/radionewsmisiones.ar\/site\/provinciales\/hoy-comienza-promo-2022-virtual-rumbo-a-la-educacion-superior\/","title":{"rendered":"Hoy comienza Promo 2022 Virtual \u00abRumbo a la Educaci\u00f3n Superior\u00bb"},"content":{"rendered":"\n<p>Hoy, martes 16 de agosto, comienza el evento virtual de Promo 2022 \u201cRumbo a la Educaci\u00f3n Superior\u201d y continuar\u00e1 hasta el 2 de septiembre: un espacio donde instituciones de toda la provincia estar\u00e1n realizando diversas charlas sobre la vida estudiantil en el nivel superior y la vida profesional. El evento es organizado por el equipo de la Direcci\u00f3n de Pol\u00edticas Estudiantiles de la Subsecretar\u00eda de Educaci\u00f3n.<\/p>\n\n\n\n<figure class=\"wp-block-image size-large\"><img loading=\"lazy\" width=\"635\" height=\"1024\" src=\"https:\/\/radionewsmisiones.ar\/site\/wp-content\/uploads\/2022\/08\/1-7-635x1024.jpeg\" alt=\"\" class=\"wp-image-855\" srcset=\"https:\/\/radionewsmisiones.ar\/site\/wp-content\/uploads\/2022\/08\/1-7-635x1024.jpeg 635w, https:\/\/radionewsmisiones.ar\/site\/wp-content\/uploads\/2022\/08\/1-7-186x300.jpeg 186w, https:\/\/radionewsmisiones.ar\/site\/wp-content\/uploads\/2022\/08\/1-7-768x1238.jpeg 768w, https:\/\/radionewsmisiones.ar\/site\/wp-content\/uploads\/2022\/08\/1-7-953x1536.jpeg 953w, https:\/\/radionewsmisiones.ar\/site\/wp-content\/uploads\/2022\/08\/1-7.jpeg 992w\" sizes=\"(max-width: 635px) 100vw, 635px\" \/><\/figure>\n\n\n\n<p>Las charlas est\u00e1n destinadas a estudiantes secundarios del \u00faltimo a\u00f1o, quienes podr\u00e1n escuchar, debatir y proponer interrogantes a partir del di\u00e1logo con profesionales del nivel superior de toda la provincia que compartir\u00e1n sus conocimientos, aprendizajes y experiencias. Algunos de los temas que tratar\u00e1n son: c\u00f3mo es la vida del estudiante superior, orientaciones para elegir una carrera, experiencias de distintas carreras y de la vida universitaria, qu\u00e9 tener en cuenta a la hora de presentarse en una instituci\u00f3n de este nivel, pol\u00edticas p\u00fablicas de bienestar estudiantil disponibles (becas, est\u00edmulos econ\u00f3micos, etc.), entre otros.<\/p>\n\n\n\n<p>La directora de Pol\u00edticas Estudiantiles de la Subsecretar\u00eda, Emilia Lunge, comparte que \u201cestos 6 encuentros son momentos de acompa\u00f1amiento sumamente importantes para que los estudiantes puedan pensar en su proyecto de vida y que lo hagan a partir de continuar con su educaci\u00f3n. El conjunto de carreras que ofrece la provincia es muy amplio y variado y es importante que [los estudiantes] conozcan todo el men\u00fa acad\u00e9mico que tienen a disposici\u00f3n para tomar una decisi\u00f3n consciente\u201d.<br><br>El evento se llevar\u00e1 adelante v\u00eda Zoom y ser\u00e1 transmitido a trav\u00e9s de los canales de Twitch y Youtube de Estudiantes Misioneros, a los que se puede acceder a trav\u00e9s de los siguientes links:<\/p>\n\n\n\n<p>Twitch:&nbsp;<a href=\"https:\/\/www.twitch.tv\/estudiantes_misioneros\" target=\"_blank\" rel=\"noreferrer noopener\">https:\/\/www.twitch.tv\/estudiantes_misioneros<\/a><\/p>\n\n\n\n<p>Youtube:&nbsp;<a href=\"https:\/\/www.youtube.com\/channel\/UCSN209EQPEE45KYGaqXmEJQ\" target=\"_blank\" rel=\"noreferrer noopener\">https:\/\/www.youtube.com\/channel\/UCSN209EQPEE45KYGaqXmEJQ<\/a><\/p>\n\n\n\n<p>Tambi\u00e9n compartimos el link al formulario de inscripci\u00f3n para quienes quieran participar de las charlas, y la agenda completa de las mismas: <a href=\"https:\/\/docs.google.com\/forms\/d\/e\/1FAIpQLScmzAtbt9acu0KhB9pNTZLoocuIYS55DSEdW9fO5z6TlIMtnQ\/viewform?usp=sf_link\">FORMULARIO<\/a><\/p>\n\n\n\n<p>Cualquier consulta puede ser dirigida a las redes sociales de Estudiantes Misioneros.<\/p>\n","protected":false},"excerpt":{"rendered":"<p>Hoy, martes 16 de agosto, comienza el evento virtual de Promo 2022 &ldquo;Rumbo a la Educaci&oacute;n Superior&rdquo; y continuar&aacute; hasta el 2 de septiembre: un espacio donde instituciones de toda&hellip; <\/p>\n","protected":false},"author":3,"featured_media":855,"comment_status":"closed","ping_status":"open","sticky":false,"template":"","format":"standard","meta":{"_monsterinsights_skip_tracking":false,"_monsterinsights_sitenote_active":false,"_monsterinsights_sitenote_note":"","_monsterinsights_sitenote_category":0},"categories":[3],"tags":[26],"aioseo_notices":[],"_links":{"self":[{"href":"https:\/\/radionewsmisiones.ar\/site\/wp-json\/wp\/v2\/posts\/854"}],"collection":[{"href":"https:\/\/radionewsmisiones.ar\/site\/wp-json\/wp\/v2\/posts"}],"about":[{"href":"https:\/\/radionewsmisiones.ar\/site\/wp-json\/wp\/v2\/types\/post"}],"author":[{"embeddable":true,"href":"https:\/\/radionewsmisiones.ar\/site\/wp-json\/wp\/v2\/users\/3"}],"replies":[{"embeddable":true,"href":"https:\/\/radionewsmisiones.ar\/site\/wp-json\/wp\/v2\/comments?post=854"}],"version-history":[{"count":1,"href":"https:\/\/radionewsmisiones.ar\/site\/wp-json\/wp\/v2\/posts\/854\/revisions"}],"predecessor-version":[{"id":856,"href":"https:\/\/radionewsmisiones.ar\/site\/wp-json\/wp\/v2\/posts\/854\/revisions\/856"}],"wp:featuredmedia":[{"embeddable":true,"href":"https:\/\/radionewsmisiones.ar\/site\/wp-json\/wp\/v2\/media\/855"}],"wp:attachment":[{"href":"https:\/\/radionewsmisiones.ar\/site\/wp-json\/wp\/v2\/media?parent=854"}],"wp:term":[{"taxonomy":"category","embeddable":true,"href":"https:\/\/radionewsmisiones.ar\/site\/wp-json\/wp\/v2\/categories?post=854"},{"taxonomy":"post_tag","embeddable":true,"href":"https:\/\/radionewsmisiones.ar\/site\/wp-json\/wp\/v2\/tags?post=854"}],"curies":[{"name":"wp","href":"https:\/\/api.w.org\/{rel}","templated":true}]}}